{"id":1061,"date":"2016-04-20T21:56:29","date_gmt":"2016-04-20T19:56:29","guid":{"rendered":"https:\/\/www.gruppa-sued.de\/?p=1061"},"modified":"2022-09-18T18:12:31","modified_gmt":"2022-09-18T16:12:31","slug":"dfb-pokal-halbfinale-hertha-bsc-borussia-dortmund-03","status":"publish","type":"post","link":"https:\/\/www.gruppa-sued.de\/?p=1061","title":{"rendered":"DFB Pokal Halbfinale: Hertha BSC &#8211; Borussia Dortmund 0:3"},"content":{"rendered":"<p>Zuschauer: 76.233<\/p>\n<h2>Das bisher gr\u00f6\u00dfte Hertha-Spiel unserer Generation<\/h2>\n<p>Wie soll ich anfangen? Was soll ich Euch \u00fcber Hertha im DFB-Pokal erz\u00e4hlen? Ihr k\u00f6nnt sicher alle Eure eigenen Geschichten erz\u00e4hlen. Ich beginne mal bei unseren legend\u00e4ren Fahrten im Harlekins-Bus vor etlichen Jahren, als es noch die \u201egesungenen Spruchb\u00e4nder\u201c gab. Der bekannteste Klassiker zusammen mit Marco-Marzahn, Smula und co. war nat\u00fcrlich: \u201eEndspiel im Wohnzimmer Doppelpunkt lasst uns an einem Traum festhalten.\u201c Ja so haben wir das damals gesehen. Und umso entt\u00e4uschter waren wir von Jahr zu Jahr, als wir erkennen mussten, dass das die Mannschaft \u00fcberhaupt nicht so sah. Auch im Verein schien die Lage irgendwie nicht erkannt werden. Wenn auf der Mitgliederversammlung Ingo Schiller bei der Finanzplanung von zwei Runden DFB-Pokal ausging (was wirtschaftlich absolut vern\u00fcnftig ist!), erntete er ein leises Gel\u00e4chter im Saal. Hertha im DFB-Pokal, das ist eine unendliche Leidensgeschichte. Als wir sp\u00e4ter 2008 in Dortmund im Pokal spielten (und in der Verl\u00e4ngerung in Runde 2 rausflogen), unterhielt ich mich mit ein paar \u00e4lteren Hertha-Fans rund um die \u201eBlue Army\u201c. Die erz\u00e4hlten mir, dass sie nach all den Jahren beschlossen hatten, noch einmal im Pokal mit ausw\u00e4rts zu fahren. Wenn es heute nicht klappte, w\u00fcrden sie die Sache aufgeben. Zuviel Trauer, zu viel Wut. Ich habe mir \u00fcberhaupt nichts derartiges vorgenommen und glaube auch nicht, dass die Leute das durchgezogen haben, aber seither bin ich anders zu den Pokalspielen gefahren. Der Traum war nat\u00fcrlich noch da, aber er war nicht mehr die alles bestimmende Wirklichkeit. (Bultmann-Anh\u00e4nger m\u00f6gen mir die Formulierung verzeihen.) Seither war eher diese ironische \u201eWir tr\u00e4umen jedes Jahr von der 2. Runde\u201c-Linie vorherrschend. Klar hab ich da auch laut mitgesungen, aber so ganz hat es mir doch nicht gepasst. Denn, dass jedes Jahr aufs Neue andere Szenen (z.T. echte Rivalen) in unserer Kurve stehen und ihr Finale abfeiern, ist einfach unertr\u00e4glich. Wenn dann noch in Betracht gezogen wird, wie Hertha jedes Jahr aufs Neue rausfliegt, dann ist die Sache doch eigentlich zu \u00e4rgerlich, um dar\u00fcber zu lachen.<br \/>\n<img decoding=\"async\" loading=\"lazy\" class=\"alignleft size-full wp-image-1063\" src=\"https:\/\/www.gruppa-sued.de\/wp-content\/uploads\/2016\/07\/12_P1050964.jpg\" alt=\"12_P1050964\" width=\"750\" height=\"324\" srcset=\"https:\/\/www.gruppa-sued.de\/wp-content\/uploads\/2016\/07\/12_P1050964.jpg 750w, https:\/\/www.gruppa-sued.de\/wp-content\/uploads\/2016\/07\/12_P1050964-375x162.jpg 375w, https:\/\/www.gruppa-sued.de\/wp-content\/uploads\/2016\/07\/12_P1050964-624x270.jpg 624w\" sizes=\"(max-width: 750px) 100vw, 750px\" \/><br \/>\nDieses Jahr war nun alles anders. Sicherlich lag das auch daran, dass sich Hertha offenbar mal etwas vorgenommen hat. Sei es vom Trainer, sei es vom Management. Der Pokal schien ernster genommen zu werden als vormals. Ein merkw\u00fcrdiges Gef\u00fchl. Als sei unser vor 10 Jahren vorgetragenes \u201egesungenes Spruchband\u201c endlich angekommen. Der Weg ins Halbfinale war \u2013 v\u00f6llig Hertha-untypisch \u2013 eine echte Erfolgsgeschichte. Zum Teil knappe Ergebnisse, zum Teil souver\u00e4nes Weiterkommen (N\u00fcrnberg!). Als dann in Heidenheim der Traum vom Halbfinale wahrwurde, ging die Nervosit\u00e4t so richtig los. Am ersten Tag des Vorverkaufes wollte ich mir meine blockierten Tickets beim Fanshop im HBF abholen. Was f\u00fcr eine aberwitzige Idee! 3 Stunden stand ich in der Schlange, bevor mir Fritze erkl\u00e4rte, dass das vor dem Computer ein paar Minuten dauert. Es war so krass. Pl\u00f6tzlich wollten sie alle zu Hertha. Unter ihnen sicher sehr viele Verprellte und Ver\u00e4rgerte, die seit Jahren zu Hertha stehen, aber irgendwann den Traum aufgegeben haben.<br \/>\n<img decoding=\"async\" loading=\"lazy\" class=\"alignleft size-full wp-image-1064\" src=\"https:\/\/www.gruppa-sued.de\/wp-content\/uploads\/2016\/07\/02_00_2892935.jpg\" alt=\"02_00_2892935\" width=\"750\" height=\"500\" srcset=\"https:\/\/www.gruppa-sued.de\/wp-content\/uploads\/2016\/07\/02_00_2892935.jpg 750w, https:\/\/www.gruppa-sued.de\/wp-content\/uploads\/2016\/07\/02_00_2892935-176x117.jpg 176w, https:\/\/www.gruppa-sued.de\/wp-content\/uploads\/2016\/07\/02_00_2892935-375x250.jpg 375w, https:\/\/www.gruppa-sued.de\/wp-content\/uploads\/2016\/07\/02_00_2892935-624x416.jpg 624w\" sizes=\"(max-width: 750px) 100vw, 750px\" \/><br \/>\nIch dachte nach diesem Ansturm w\u00fcrden auch die Ligaspiele im Olympiastadion voller werden, aber so viel Begeisterung konnte das Berliner Publikum dann doch nicht aufbringen. Schade und schwach! Die n\u00e4chsten Wochen vergingen mit Examensstrudel und allem Schei\u00df, w\u00e4hrend die Aufregung immer gr\u00f6\u00dfer wurde. Am entscheidenden Mittwoch ging dann gar nichts mehr. Ich traf mich in West-Berlin mit Marn und fuhr Stunden vor dem Spiel zum Stadion. Bereits jetzt waren \u00fcberall blau-wei\u00dfe Schals und zum Teil die (h\u00e4sslichen) Halbfinaltrikots zu sehen. Normalerweise w\u00fcrdest Du vor so einem Spiel \u00fcberall nur Schwarz-Gelbe sehen. Aber heute eben nicht. Heute war tats\u00e4chlich einmal alles anders. Am Theo trafen wir unseren alten Haudegen Timo und sp\u00e4ter noch Smula. Auch au\u00dferhalb der Gruppa erkannten wir an allen Ecken bekannte Gesichter. Es war fast wie in fr\u00fcheren Tagen. Die Szene mobilisierte alle gegenw\u00e4rtigen und ehemaligen Leute. Dazu waren noch viele G\u00e4ste aus Karlsruhe, Strasbourg und weiteren Szenen mit freundschaftlichen Kontakten zu Besuch. \u00dcberall war die gleiche Aufregung zu sp\u00fcren. Der absolute Wahnsinn. F\u00fcr mich war klar, dass ich heute mein altes \u201eContinentale\u201c-Trikot tragen musste, meinem ersten Herthaartikel. (Jaja, Kommerzkutte..) Im Stadion hatten bereits duzende Herthaner eine coole Zettelchoreo vorbereitet, dazu gab es ne Fahnenaktion im ganzen Stadion. Beides erzeugte sp\u00e4ter ein supergeiles Bild.<\/p>\n<p>In der Kurve wurden dann schon zwei Stunden vor Anpfiff die ersten Ges\u00e4nge angestimmt und Fahnen geschwenkt. Alle hatten Bock. Es ging die Ansage rum: \u201eWenn hier das 1:0 f\u00e4llt, sind alle nackt!\u201c Dann der erste krasse Moment: Die Spieler betreten den Rasen. Ein Ger\u00e4uschpegel brach los, wie ich ihn selten erlebt habe. G\u00e4nsehaut bei allen. Und mehr noch, als die Vors\u00e4nger neben der Kurve auch auf der Gegengerade die Leute zum Einhaken animierten. Der folgende Gesang war der krasseste und lauteste Fangesang den es je bei Hertha gegeben hat (behaupte ich jetzt mal frecher Weise). Ich will hoffen, dass wir das noch einmal erleben. Aber ich glaube es wird schwer diesen Moment zu toppen. Ich kam mir vor wie irgendwo im Ausland bei einer M\u00f6rderszene in S\u00fcdamerika oder was wei\u00df ich wo. Aber nicht wie im Olympiastadion mit dem \u201eSchei\u00df Berliner Publikum\u201c. Aber wie Fritze sagte. Die Leute waren heute \u201eda\u201c. Sie waren hei\u00df. Und bei einer F\u00fchrung w\u00e4re das Stadion hier heute explodiert. Bis auf den G\u00e4stebereich und ein paar wenige gelbe Punkte, war das ganze Stadion blau-wei\u00df und gewillt der Mannschaft den Support zu geben, den sie verdiente und brauchte. Allein f\u00fcr diesen besonderen Moment hat sich der Tag gelohnt. Auch wenn es am Ende keine Traumerf\u00fcllung gab.<br \/>\n<img decoding=\"async\" loading=\"lazy\" class=\"alignleft wp-image-1062 size-full\" src=\"https:\/\/www.gruppa-sued.de\/wp-content\/uploads\/2016\/07\/14_P1050952-e1469562947558.jpg\" alt=\"14_P1050952\" width=\"744\" height=\"470\" srcset=\"https:\/\/www.gruppa-sued.de\/wp-content\/uploads\/2016\/07\/14_P1050952-e1469562947558.jpg 744w, https:\/\/www.gruppa-sued.de\/wp-content\/uploads\/2016\/07\/14_P1050952-e1469562947558-375x237.jpg 375w, https:\/\/www.gruppa-sued.de\/wp-content\/uploads\/2016\/07\/14_P1050952-e1469562947558-624x394.jpg 624w\" sizes=\"(max-width: 744px) 100vw, 744px\" \/><br \/>\nIch will jetzt nicht gro\u00df \u00fcber die Mannschaftsleistung rummeckern. Das kann ich wieder bei den 0815-Spielen tun. Es war allerdings traurig, dass unsere Mannschaft vor allem in der ersten Halbzeit so wahnsinnig \u00e4ngstlich agierte. Klar die Kulisse war krass und der Gegner echt gut. Trotzdem hat Hertha in diesem Jahr gezeigt, welches spielerische Potential in der Mannschaft steckt. Mit mehr Selbstbewusstsein h\u00e4tte da mehr gehen k\u00f6nnen. Dass wir dann in der zweiten Halbzeit kurz nach der riesigen Chance zum 1:1 (Kalou!!!) unmittelbar das 0:2 durch Reus kassieren, geh\u00f6rt zum klassischen Verlauf ungl\u00fccklicher Spiele. So bleibt leider am Ende alles beim Alten: Hertha kann das ganz gro\u00dfe, wichtige Spiel nicht gewinnen. Aufgrund der genialen Atmosph\u00e4re werde ich das gro\u00dfe Spiel dennoch in guter Erinnerung behalten. Solche Momente sind in der Hertha-Chronik selten. Andere mussten erstmal Dampf ablassen. Venant verlie\u00df kurz nach dem 0:3 fluchend den Block und verga\u00df dabei sogar seine Jacke. Aus unserem Kameruner Freund ist ein echter Herthaner geworden, dem die Sache richtig am Herzen liegt. Man war der sauer! Fritze meint, es ist seine erste gro\u00dfe Hertha-Entt\u00e4uschung gewesen. Die haben alle Herthaner einmal erlebt. Auch Andere waren erst einmal verstimmt\/verstummt und so musste ich etwas um das Gruppa-Bild werben. Am Ende fanden wir uns dann aber doch im Oberring f\u00fcr ein Foto zusammen, das dem besonderen Abend w\u00fcrdig war.<\/p>\n<p>Fazit: Das bisher gr\u00f6\u00dfte Hertha-Spiel unserer Generation haben wir auf dem Rasen, aber sicher nicht auf den R\u00e4ngen verloren. Ha Ho He \u2013 Hertha BSC!<\/p>\n<p>KBK*16<\/p>\n","protected":false},"excerpt":{"rendered":"<p>Zuschauer: 76.233 Das bisher gr\u00f6\u00dfte Hertha-Spiel unserer Generation Wie soll ich anfangen? Was soll ich Euch \u00fcber Hertha im DFB-Pokal erz\u00e4hlen? Ihr k\u00f6nnt sicher alle Eure eigenen Geschichten erz\u00e4hlen. Ich beginne mal bei unseren legend\u00e4ren Fahrten im Harlekins-Bus vor etlichen Jahren, als es noch die \u201egesungenen Spruchb\u00e4nder\u201c gab. Der bekannteste Klassiker zusammen mit Marco-Marzahn, Smula und co. war nat\u00fcrlich: \u201eEndspiel&#8230; <a href=\"https:\/\/www.gruppa-sued.de\/?p=1061\">Read more &raquo;<\/a><\/p>\n","protected":false},"author":1,"featured_media":1064,"comment_status":"open","ping_status":"open","sticky":false,"template":"","format":"standard","meta":[],"categories":[24,23],"tags":[],"_links":{"self":[{"href":"https:\/\/www.gruppa-sued.de\/index.php?rest_route=\/wp\/v2\/posts\/1061"}],"collection":[{"href":"https:\/\/www.gruppa-sued.de\/index.php?rest_route=\/wp\/v2\/posts"}],"about":[{"href":"https:\/\/www.gruppa-sued.de\/index.php?rest_route=\/wp\/v2\/types\/post"}],"author":[{"embeddable":true,"href":"https:\/\/www.gruppa-sued.de\/index.php?rest_route=\/wp\/v2\/users\/1"}],"replies":[{"embeddable":true,"href":"https:\/\/www.gruppa-sued.de\/index.php?rest_route=%2Fwp%2Fv2%2Fcomments&post=1061"}],"version-history":[{"count":2,"href":"https:\/\/www.gruppa-sued.de\/index.php?rest_route=\/wp\/v2\/posts\/1061\/revisions"}],"predecessor-version":[{"id":1066,"href":"https:\/\/www.gruppa-sued.de\/index.php?rest_route=\/wp\/v2\/posts\/1061\/revisions\/1066"}],"wp:featuredmedia":[{"embeddable":true,"href":"https:\/\/www.gruppa-sued.de\/index.php?rest_route=\/wp\/v2\/media\/1064"}],"wp:attachment":[{"href":"https:\/\/www.gruppa-sued.de\/index.php?rest_route=%2Fwp%2Fv2%2Fmedia&parent=1061"}],"wp:term":[{"taxonomy":"category","embeddable":true,"href":"https:\/\/www.gruppa-sued.de\/index.php?rest_route=%2Fwp%2Fv2%2Fcategories&post=1061"},{"taxonomy":"post_tag","embeddable":true,"href":"https:\/\/www.gruppa-sued.de\/index.php?rest_route=%2Fwp%2Fv2%2Ftags&post=1061"}],"curies":[{"name":"wp","href":"https:\/\/api.w.org\/{rel}","templated":true}]}}